{"id":463,"date":"2014-04-22T16:44:28","date_gmt":"2014-04-22T14:44:28","guid":{"rendered":"http:\/\/luciaklatil.wordpress.com\/?p=463"},"modified":"2014-04-22T16:44:28","modified_gmt":"2014-04-22T14:44:28","slug":"befreiungsschlag","status":"publish","type":"post","link":"https:\/\/lucia.klatil.at\/blog\/?p=463","title":{"rendered":"Befreiungsschlag"},"content":{"rendered":"<div>\n<p xml:lang=\"DE-DE\"><span xml:lang=\"DE-AT\">Meine j\u00fcngere Schwester wird in ca. 2 Monaten eine neue Wohnung beziehen.<\/span><\/p>\n<\/div>\n<div>\n<p xml:lang=\"DE-DE\"><span xml:lang=\"DE-AT\">Meine beste Freundin arbeitet heftigst daran, eine neue Wohnung zu finden, da die Kinder fl\u00fcgge geworden sind und sie das Bed\u00fcrfnis nach einer wohnlichen <\/span><span xml:lang=\"DE-AT\">Ver\u00e4nderung hat.<\/span><\/p>\n<\/div>\n<div>\n<p xml:lang=\"DE-DE\"><span xml:lang=\"DE-AT\">Beiden gemeinsam ist, dass sie begonnen haben, sich von Dingen, vor allem von nicht mehr getragener Kleidung, gro\u00dfvolumig zu trennen. Klar, was du jetzt weg gibst, musst du dann nicht einpacken, umsiedeln, auspacken und dann wegschmei\u00dfen.<\/span><\/p>\n<\/div>\n<div>\n<p xml:lang=\"DE-DE\"><span xml:lang=\"DE-AT\">Bei mir steht zwar keine r\u00e4umliche Ver\u00e4nderung vor der T\u00fcre &#8211; aus Ermangelung an Angeboten, finanziellen Mitteln und zeitlichen Ressourcen -, aber ich habe heute Morge<\/span><span xml:lang=\"DE-AT\">n &#8211; J. und U. als Vorbild genommen &#8211;<\/span><span xml:lang=\"DE-AT\"> wieder einmal kr\u00e4ftig meinen Kleiderschrank umger\u00fchrt und ohne gro\u00dfen Trennungsschmerz diverse St\u00fccke herausgezogen, die schon seit l\u00e4ngerem nicht mehr meine K\u00f6rperformen umh\u00fcllen durften. Eins, zwei, drei und mehr &#8211; und ein gut h\u00fcfthoher Sto\u00df wartet jetzt auf eine<\/span><span xml:lang=\"DE-AT\">\u00a0Abnehmerin. <\/span><\/p>\n<\/div>\n<div>\n<p xml:lang=\"DE-DE\"><span xml:lang=\"DE-AT\">Im n\u00e4chsten Schritt werden sich noch ein paar Schuhpaare\u00a0dazu gesellen, die eine oder andere Handtasche, das eine oder andere Accessoire und eine dicke Winterjacke kann auch ruhigen Gewissens weg \u2026 endlich wieder Luft! <\/span><\/p>\n<\/div>\n<div><\/div>\n<div>\n<p xml:lang=\"DE-DE\"><span xml:lang=\"DE-AT\">Meine Schwester hat \u00fcbrigens einen sehr guten Tipp bekommen: lass die Kleiderb\u00fcgel deiner Lieblingsst\u00fccke in die eine Richtung schauen, und diejenigen von Sachen, die du nur sporadisch bis gar nicht anziehst, in die andere Richtung<\/span><span xml:lang=\"DE-AT\">. So ist es leicht, mit einem Griff das zu packen, was weg muss &#8211; <\/span><span xml:lang=\"DE-AT\">ganz sch\u00f6n clever<\/span><span xml:lang=\"DE-AT\">\u00a0&#8211; aber fast nicht durchf\u00fchrbar f\u00fcr den Monk in mir.<\/span><\/p>\n<\/div>\n<div><\/div>\n<div>\n<p xml:lang=\"DE-DE\"><span xml:lang=\"DE-AT\">Ich kann nur jedem raten, in regelm\u00e4\u00dfigen Abschnitten, aber zumindest einmal pro Jahr, sich zu l\u00f6sen, zu trennen, zu befreien &#8211; man f\u00fchlt sich im wahrsten Sinne des Wortes be-freit. <\/span><span xml:lang=\"DE-AT\">Die Freude wird zwar etwas geschm\u00e4lert durch die Scham \u00fcber so viel (wertlosen) Besitz, aber solange die Weggeb-St\u00fccke jemandem anderen zugute kommen, ist es (f\u00fcr mich) ok. <\/span><\/p>\n<\/div>\n<div>\n<p xml:lang=\"DE-DE\"><span xml:lang=\"DE-AT\">Durch das regelm\u00e4\u00dfige Ausmisten alter Kaufs\u00fcnden hat sich gef\u00fchlterweise mein generelles<\/span><span xml:lang=\"DE-AT\"> Kaufverhalten leicht <\/span><span xml:lang=\"DE-AT\">&#8211; ich <\/span><span xml:lang=\"DE-AT\">ma\u00dfe mir nicht an, von komplett ge\u00e4ndert<\/span><span xml:lang=\"DE-AT\">: die wahllose Gier ist einer fl\u00fcchtigen Besonnenheit gewichen. Das Eselsohr im <\/span><span xml:lang=\"DE-AT\">Katalog<\/span><span xml:lang=\"DE-AT\">, die geduldige Merkliste, der Warenkorb <\/span><span xml:lang=\"DE-AT\">helfen mir pers\u00f6nlich sehr, dass ich mehrmals dr\u00fcber nachdenke, mit welchen Teilen ich die (kaum merklichen) L\u00f6cher im Kleider- oder Schuhschrank wieder auff\u00fclle. <\/span><span xml:lang=\"DE-AT\">Wo ich noch an mir arbeiten muss, sind Outlet-Besuche, denn da neige ich <\/span><span xml:lang=\"DE-AT\">noch zu unbesonnener &#8222;Schn\u00e4ppchen<\/span><span xml:lang=\"DE-AT\">-Hamsterei&#8220;.<\/span><span xml:lang=\"DE-AT\"> A<\/span><span xml:lang=\"DE-AT\">ber: <\/span><span xml:lang=\"DE-AT\">auch billig ist rausgeschmissenes Geld!<\/span><\/p>\n<\/div>\n","protected":false},"excerpt":{"rendered":"<p>Meine j\u00fcngere Schwester wird in ca. 2 Monaten eine neue Wohnung beziehen. Meine beste Freundin arbeitet heftigst daran, eine neue Wohnung zu finden, da die Kinder fl\u00fcgge geworden sind und sie das Bed\u00fcrfnis nach einer wohnlichen Ver\u00e4nderung hat. Beiden gemeinsam ist, dass sie begonnen haben, sich von Dingen, vor allem von nicht mehr getragener Kleidung, &hellip; <a href=\"https:\/\/lucia.klatil.at\/blog\/?p=463\" class=\"more-link\">Weiterlesen <span class=\"meta-nav\">&rarr;<\/span><\/a><\/p>\n","protected":false},"author":2,"featured_media":0,"comment_status":"open","ping_status":"open","sticky":false,"template":"","format":"standard","meta":{"footnotes":""},"categories":[3],"tags":[],"class_list":["post-463","post","type-post","status-publish","format-standard","hentry","category-lucia-and-her-fashion"],"views":334,"_links":{"self":[{"href":"https:\/\/lucia.klatil.at\/blog\/index.php?rest_route=\/wp\/v2\/posts\/463","targetHints":{"allow":["GET"]}}],"collection":[{"href":"https:\/\/lucia.klatil.at\/blog\/index.php?rest_route=\/wp\/v2\/posts"}],"about":[{"href":"https:\/\/lucia.klatil.at\/blog\/index.php?rest_route=\/wp\/v2\/types\/post"}],"author":[{"embeddable":true,"href":"https:\/\/lucia.klatil.at\/blog\/index.php?rest_route=\/wp\/v2\/users\/2"}],"replies":[{"embeddable":true,"href":"https:\/\/lucia.klatil.at\/blog\/index.php?rest_route=%2Fwp%2Fv2%2Fcomments&post=463"}],"version-history":[{"count":0,"href":"https:\/\/lucia.klatil.at\/blog\/index.php?rest_route=\/wp\/v2\/posts\/463\/revisions"}],"wp:attachment":[{"href":"https:\/\/lucia.klatil.at\/blog\/index.php?rest_route=%2Fwp%2Fv2%2Fmedia&parent=463"}],"wp:term":[{"taxonomy":"category","embeddable":true,"href":"https:\/\/lucia.klatil.at\/blog\/index.php?rest_route=%2Fwp%2Fv2%2Fcategories&post=463"},{"taxonomy":"post_tag","embeddable":true,"href":"https:\/\/lucia.klatil.at\/blog\/index.php?rest_route=%2Fwp%2Fv2%2Ftags&post=463"}],"curies":[{"name":"wp","href":"https:\/\/api.w.org\/{rel}","templated":true}]}}