{"id":486,"date":"2014-04-28T12:54:38","date_gmt":"2014-04-28T10:54:38","guid":{"rendered":"http:\/\/luciaklatil.wordpress.com\/?p=486"},"modified":"2014-04-28T12:54:38","modified_gmt":"2014-04-28T10:54:38","slug":"und-nun","status":"publish","type":"post","link":"https:\/\/lucia.klatil.at\/blog\/?p=486","title":{"rendered":"Und nun?"},"content":{"rendered":"<div style=\"text-align:justify;\">\n<p xml:lang=\"DE-DE\"><span xml:lang=\"DE-AT\">Ich habe j\u00fcngst \u00fcber Befreiung geschrieben &#8211; und es ist wahr geworden: zwei riesengro\u00dfe und zwei kleinere S\u00e4cke haben am vergangenen Freitag den Besitzer gewechselt.<\/span><\/p>\n<\/div>\n<div style=\"text-align:justify;\">\n<p xml:lang=\"DE-DE\"><span xml:lang=\"DE-AT\">Und nun? Nun stehe ich jeden Morgen vor dem Dilemma, dass ich aus den verbleibenden (noch immer mehr als zahlreichen) Kleidungsst\u00fccken nicht wei\u00df, was ich anziehen soll &#8211; die ewige Leier \ud83d\ude41<\/span><\/p>\n<\/div>\n<div style=\"text-align:justify;\">\n<p xml:lang=\"DE-DE\"><span xml:lang=\"DE-AT\">Bin ich frustig?<\/span><\/p>\n<\/div>\n<div style=\"text-align:justify;\">\n<p xml:lang=\"DE-DE\"><span xml:lang=\"DE-AT\">Leide ich unter aprilhaften\u00a0Stimmungsschwankungen?<\/span><\/p>\n<\/div>\n<div style=\"text-align:justify;\">\n<p xml:lang=\"DE-DE\"><span xml:lang=\"DE-AT\">Haben sich meine Augen an den alten Stoffen und Farben satt gesehen?<\/span><\/p>\n<\/div>\n<div style=\"text-align:justify;\"><\/div>\n<div style=\"text-align:justify;\">\n<p xml:lang=\"DE-DE\"><span xml:lang=\"DE-AT\">Wie auch immer &#8211; irgend etwas muss geschehen!<\/span><\/p>\n<\/div>\n<div style=\"text-align:justify;\">\n<p xml:lang=\"DE-DE\"><span xml:lang=\"DE-AT\">Online-Shopping gestaltet sich derzeit als nicht sehr zielf\u00fchrend, da erm\u00fcdend &#8211; scrollen, klicken, zoomen \u2026 g\u00e4hn!<\/span><\/p>\n<\/div>\n<div style=\"text-align:justify;\">\n<p xml:lang=\"DE-DE\"><span xml:lang=\"DE-AT\">Klassisches City-Shopping? Der vergangene verregnete Samstag w\u00e4re dazu wohl ideal gewesen, weil frau\u00a0kein schlechtes Gewissen hat, dass sie nicht etwas anderes im herrlichen Fr\u00fchling unternimmt. Ich war auch shoppen. Aber es gibt den Konsum aus Gr\u00fcnden der Notwendigkeit und den Konsum aus Gier, Neid, Leidenschaft, Unzufriedenheit heraus. Ersteres habe ich vern\u00fcnftigerweise erledigt, zu zweiterem hatte ich schlichtweg keine Nerven.<\/span><\/p>\n<\/div>\n<div style=\"text-align:justify;\">\n<p xml:lang=\"DE-DE\"><span xml:lang=\"DE-AT\">Alternativ bietet sich an, in einem Schanigarten zu sitzen &#8211; und m\u00f6glichst unauff\u00e4llig die Augen auf Beobachtungszielfunk einzustellen. Frau bekommt da viel zu sehen &#8211; viel und doch wieder nicht, denn es zeigt sich doch eine gewisse Uniformit\u00e4t innerhalb bestimmter Altersklassen:<\/span><\/p>\n<\/div>\n<div style=\"text-align:justify;\">\n<p xml:lang=\"DE-DE\"><span xml:lang=\"DE-AT\">Jeans, T-Shirt, Strickjackerl\u00a0oder Lederjacke, Beuteltasche, Ballerina oder Sneaker, gro\u00dfe Sonnenbrille &#8211; steht so ziemlich jeder Frau, weshalb auch am weitesten verbreitet auf dem gr\u00f6\u00dften Catwalk der Welt, der Stra\u00dfe.<\/span><\/p>\n<\/div>\n<div style=\"text-align:justify;\">\n<p xml:lang=\"DE-DE\"><span xml:lang=\"DE-AT\">Shorts von Hot bis Demi, mit und ohne Strumpfhosen, Boots oder Stiefel (nach wie vor), \u00fcbergro\u00dfe H\u00e4ngershirts<\/span><span xml:lang=\"DE-AT\"> &#8211; steht bei weitem nicht so vielen M\u00e4dels &amp; jungen Frauen, wie im Alltag zu sehen. Bodo beutelt sich regelm\u00e4\u00dfig, wenn er der Kombi enge Stoff-Bermuda zu dicken Str\u00fcmpfen und Stiefeletten ansichtig wird.<\/span><\/p>\n<\/div>\n<div style=\"text-align:justify;\">\n<p xml:lang=\"DE-DE\"><span xml:lang=\"DE-AT\">Kleider sind im April noch Mangelware, schon eher Kost\u00fcme oder Hosenanz\u00fcge, diese dann an eiligen Damen mit gro\u00dfer Handtasche und meistens einer Laptoptasche\u00a0zu entdecken. Dass hier auch knallgelbe Peinlichkeiten zu Leo-Pumps ins Auge fallen, muss man halt zur Kenntnis nehmen. <\/span><\/p>\n<\/div>\n<div style=\"text-align:justify;\">\n<p xml:lang=\"DE-DE\"><span xml:lang=\"DE-AT\">Auff\u00e4llig aber, dass der April von manchen als verl\u00e4ngerter Winter gesehen wird und dass daher Parka, Hauben, Stiefel, Str\u00fcmpfe und anderes w\u00e4rmendes Zeug um den Body geworfen wird. Dass bei angenehmen 15-22 \u00b0C aber durchaus die F\u00fc\u00dfe luftbelassen sein k\u00f6nnen und die \u00c4rmel kurz, das dauert. Woran das liegt, kann ich sagen: die meisten genieren sich f\u00fcr ihre kasig-wei\u00dfen (oder unrasierten?) Beine, die Zehenn\u00e4gel sind noch nicht lackiert und der Bingo-Muskel (M. tricepius) ist \u00fcber die Wintermonate schlaff geworden. Ob da Versteck-Spiel die richtige Methode ist, den Sommer modisch zu begr\u00fc\u00dfen?<\/span><\/p>\n<\/div>\n<div style=\"text-align:justify;\">\n<p xml:lang=\"DE-DE\"><span xml:lang=\"DE-AT\">Meine Erkenntnisse der letzten Beobachtungstouren\u00a0sind &#8211; f\u00fcr mich bezogen &#8211; leider d\u00fcrr, denn ich habe keinerlei Anregungen erhascht, die meine Motivation vor dem Schrank etwas pushen w\u00fcrden. Also habe ich mich heute zu schlichtem Schwarz aufgerafft\u00a0und bringe nur bei G\u00fcrtel und Schuhwerk halbwegs knallige Farbe ins Spiel. <\/span><\/p>\n<\/div>\n<div style=\"text-align:justify;\">\n<p xml:lang=\"DE-DE\"><span xml:lang=\"DE-AT\">Aber was ziehe ich nur morgen an?<\/span><\/p>\n<\/div>\n<div style=\"text-align:justify;\"><\/div>\n<div style=\"text-align:justify;\"><\/div>\n<div style=\"text-align:justify;\"><\/div>\n<div style=\"text-align:justify;\"><\/div>\n<div style=\"text-align:justify;\"><\/div>\n<div style=\"text-align:justify;\"><\/div>\n<div style=\"text-align:justify;\"><\/div>\n<div style=\"text-align:justify;\"><\/div>\n<div style=\"text-align:justify;\">\n<p><span xml:lang=\"DE-AT\">22.04.2014<\/span><\/p>\n<\/div>\n<div style=\"text-align:justify;\">\n<p><span xml:lang=\"DE-AT\">Befreiungsschlag<\/span><\/p>\n<\/div>\n<div style=\"text-align:justify;\"><\/div>\n<div style=\"text-align:justify;\">\n<p><span xml:lang=\"DE-AT\">Meine j\u00fcngere Schwester wird in ca. 2 Monaten eine neue Wohnung beziehen.<\/span><\/p>\n<\/div>\n<div style=\"text-align:justify;\">\n<p><span xml:lang=\"DE-AT\">Meine beste Freundin arbeitet heftigst daran, eine neue Wohnung zu finden, da die Kinder fl\u00fcgge geworden sind und sie das Bed\u00fcrfnis nach einer wohnlichen <\/span><span xml:lang=\"DE-AT\">Ver\u00e4nderung hat.<\/span><\/p>\n<\/div>\n<div style=\"text-align:justify;\">\n<p><span xml:lang=\"DE-AT\">Beiden gemeinsam ist, dass sie begonnen haben, sich von Dingen, vor allem von nicht mehr getragener Kleidung, gro\u00dfvolumig zu trennen. Klar, was du jetzt weg gibst, musst du dann nicht einpacken, umsiedeln, auspacken und dann wegschmei\u00dfen.<\/span><\/p>\n<\/div>\n<div style=\"text-align:justify;\">\n<p><span xml:lang=\"DE-AT\">Bei mir steht zwar keine r\u00e4umliche Ver\u00e4nderung vor der T\u00fcre &#8211; aus Ermangelung an Angeboten, finanziellen Mitteln und zeitlichen Ressourcen -, aber ich habe heute Morge<\/span><span xml:lang=\"DE-AT\">n &#8211; J. und U. als Vorbild genommen &#8211;<\/span><span xml:lang=\"DE-AT\">\u00a0wieder einmal kr\u00e4ftig meinen Kleiderschrank umger\u00fchrt und ohne gro\u00dfen Trennungsschmerz diverse St\u00fccke herausgezogen, die schon seit l\u00e4ngerem nicht mehr meine K\u00f6rperformen umh\u00fcllen durften. Eins, zwei, drei und mehr &#8211; und ein gut h\u00fcfthoher Sto\u00df wartet jetzt auf eine<\/span><span xml:lang=\"DE-AT\">\u00a0Abnehmerin. <\/span><\/p>\n<\/div>\n<div style=\"text-align:justify;\">\n<p><span xml:lang=\"DE-AT\">Im n\u00e4chsten Schritt werden sich noch ein paar Schuhpaare\u00a0dazu gesellen, die eine oder andere Handtasche, das eine oder andere Accessoire und eine dicke Winterjacke kann auch ruhigen Gewissens weg \u2026 endlich wieder Luft! <\/span><\/p>\n<\/div>\n<div style=\"text-align:justify;\"><\/div>\n<div style=\"text-align:justify;\">\n<p><span xml:lang=\"DE-AT\">Meine Schwester hat \u00fcbrigens einen sehr guten Tipp bekommen: lass die Kleiderb\u00fcgel deiner Lieblingsst\u00fccke in die eine Richtung schauen, und diejenigen von Sachen, die du nur sporadisch bis gar nicht anziehst, in die andere Richtung<\/span><span xml:lang=\"DE-AT\">. So ist es leicht, mit einem Griff das zu packen, was weg muss &#8211; <\/span><span xml:lang=\"DE-AT\">ganz sch\u00f6n clever<\/span><span xml:lang=\"DE-AT\">\u00a0&#8211; aber fast nicht durchf\u00fchrbar f\u00fcr den Monk in mir.<\/span><\/p>\n<\/div>\n<div style=\"text-align:justify;\"><\/div>\n<div style=\"text-align:justify;\">\n<p><span xml:lang=\"DE-AT\">Ich kann nur jedem raten, in regelm\u00e4\u00dfigen Abschnitten, aber zumindest einmal pro Jahr, sich zu l\u00f6sen, zu trennen, zu befreien &#8211; man f\u00fchlt sich im wahrsten Sinne des Wortes be-freit. <\/span><span xml:lang=\"DE-AT\">Die Freude wird zwar etwas geschm\u00e4lert durch die Scham \u00fcber so viel (wertlosen) Besitz, aber solange die Weggeb-St\u00fccke jemandem anderen zugute kommen, ist es (f\u00fcr mich) ok. <\/span><\/p>\n<\/div>\n<div style=\"text-align:justify;\">\n<p><span xml:lang=\"DE-AT\">Durch das regelm\u00e4\u00dfige Ausmisten alter Kaufs\u00fcnden hat sich gef\u00fchlterweise mein generelles<\/span><span xml:lang=\"DE-AT\"> Kaufverhalten leicht <\/span><span xml:lang=\"DE-AT\">&#8211; ich <\/span><span xml:lang=\"DE-AT\">ma\u00dfe mir nicht an, von komplett ge\u00e4ndert<\/span><span xml:lang=\"DE-AT\">: die wahllose Gier ist einer fl\u00fcchtigen Besonnenheit gewichen. Das Eselsohr im <\/span><span xml:lang=\"DE-AT\">Katalog<\/span><span xml:lang=\"DE-AT\">, die geduldige Merkliste, der Warenkorb <\/span><span xml:lang=\"DE-AT\">helfen mir pers\u00f6nlich sehr, dass ich mehrmals dr\u00fcber nachdenke, mit welchen Teilen ich die (kaum merklichen) L\u00f6cher im Kleider- oder Schuhschrank\u00a0wieder auff\u00fclle. <\/span><span xml:lang=\"DE-AT\">Wo ich noch an mir arbeiten muss, sind Outlet-Besuche, denn da neige ich <\/span><span xml:lang=\"DE-AT\">noch zu unbesonnener &#8222;Schn\u00e4ppchen<\/span><span xml:lang=\"DE-AT\">-Hamsterei&#8220;.<\/span><span xml:lang=\"DE-AT\"> A<\/span><span xml:lang=\"DE-AT\">ber: <\/span><span xml:lang=\"DE-AT\">auch billig ist rausgeschmissenes Geld!<\/span><\/p>\n<\/div>\n","protected":false},"excerpt":{"rendered":"<p>Ich habe j\u00fcngst \u00fcber Befreiung geschrieben &#8211; und es ist wahr geworden: zwei riesengro\u00dfe und zwei kleinere S\u00e4cke haben am vergangenen Freitag den Besitzer gewechselt. Und nun? Nun stehe ich jeden Morgen vor dem Dilemma, dass ich aus den verbleibenden (noch immer mehr als zahlreichen) Kleidungsst\u00fccken nicht wei\u00df, was ich anziehen soll &#8211; die ewige &hellip; <a href=\"https:\/\/lucia.klatil.at\/blog\/?p=486\" class=\"more-link\">Weiterlesen <span class=\"meta-nav\">&rarr;<\/span><\/a><\/p>\n","protected":false},"author":2,"featured_media":0,"comment_status":"open","ping_status":"open","sticky":false,"template":"","format":"standard","meta":{"footnotes":""},"categories":[3],"tags":[],"class_list":["post-486","post","type-post","status-publish","format-standard","hentry","category-lucia-and-her-fashion"],"views":360,"_links":{"self":[{"href":"https:\/\/lucia.klatil.at\/blog\/index.php?rest_route=\/wp\/v2\/posts\/486","targetHints":{"allow":["GET"]}}],"collection":[{"href":"https:\/\/lucia.klatil.at\/blog\/index.php?rest_route=\/wp\/v2\/posts"}],"about":[{"href":"https:\/\/lucia.klatil.at\/blog\/index.php?rest_route=\/wp\/v2\/types\/post"}],"author":[{"embeddable":true,"href":"https:\/\/lucia.klatil.at\/blog\/index.php?rest_route=\/wp\/v2\/users\/2"}],"replies":[{"embeddable":true,"href":"https:\/\/lucia.klatil.at\/blog\/index.php?rest_route=%2Fwp%2Fv2%2Fcomments&post=486"}],"version-history":[{"count":0,"href":"https:\/\/lucia.klatil.at\/blog\/index.php?rest_route=\/wp\/v2\/posts\/486\/revisions"}],"wp:attachment":[{"href":"https:\/\/lucia.klatil.at\/blog\/index.php?rest_route=%2Fwp%2Fv2%2Fmedia&parent=486"}],"wp:term":[{"taxonomy":"category","embeddable":true,"href":"https:\/\/lucia.klatil.at\/blog\/index.php?rest_route=%2Fwp%2Fv2%2Fcategories&post=486"},{"taxonomy":"post_tag","embeddable":true,"href":"https:\/\/lucia.klatil.at\/blog\/index.php?rest_route=%2Fwp%2Fv2%2Ftags&post=486"}],"curies":[{"name":"wp","href":"https:\/\/api.w.org\/{rel}","templated":true}]}}