{"id":488,"date":"2014-04-29T17:39:34","date_gmt":"2014-04-29T15:39:34","guid":{"rendered":"http:\/\/luciaklatil.wordpress.com\/?p=488"},"modified":"2014-04-29T17:39:34","modified_gmt":"2014-04-29T15:39:34","slug":"und-nun-die-antwort","status":"publish","type":"post","link":"https:\/\/lucia.klatil.at\/blog\/?p=488","title":{"rendered":"Und nun? &#8211; Die Antwort"},"content":{"rendered":"<p>Warum bin ich nicht schon gestern darauf gekommen &#8211; 28.April und ein Monat = 28.Mai = Los &#8222;geht\u00b4s&#8220; mit unserer diesj\u00e4hrigen Wanderung &#8211; und das hei\u00dft, dass ich mich drei Wochen lang nicht vor dem Kleiderschrank herumwinden\u00a0und B\u00fcgel um B\u00fcgel herumschieben\u00a0muss, sondern dass ich mich wieder in Bescheidenheit \u00fcben kann, indem ich zwischen zwei Wanderhosen\u00a0und drei T-Shirts w\u00e4hlen kann (nat\u00fcrlich werde ich wieder das eine und andere Zusatzst\u00fcck\u00a0in den Rucksack hineinstopfen, aber die Qual der wahl wird zur Wahl der Qual &#8211; sozusagen).<\/p>\n<p>Das wollte ich nur schnell gesagt haben &#8230; um mir selbst wieder ein bisschen Mut zu machen!<\/p>\n","protected":false},"excerpt":{"rendered":"<p>Warum bin ich nicht schon gestern darauf gekommen &#8211; 28.April und ein Monat = 28.Mai = Los &#8222;geht\u00b4s&#8220; mit unserer diesj\u00e4hrigen Wanderung &#8211; und das hei\u00dft, dass ich mich drei Wochen lang nicht vor dem Kleiderschrank herumwinden\u00a0und B\u00fcgel um B\u00fcgel herumschieben\u00a0muss, sondern dass ich mich wieder in Bescheidenheit \u00fcben kann, indem ich zwischen zwei Wanderhosen\u00a0und &hellip; <a href=\"https:\/\/lucia.klatil.at\/blog\/?p=488\" class=\"more-link\">Weiterlesen <span class=\"meta-nav\">&rarr;<\/span><\/a><\/p>\n","protected":false},"author":2,"featured_media":0,"comment_status":"open","ping_status":"open","sticky":false,"template":"","format":"standard","meta":{"footnotes":""},"categories":[3],"tags":[],"class_list":["post-488","post","type-post","status-publish","format-standard","hentry","category-lucia-and-her-fashion"],"views":349,"_links":{"self":[{"href":"https:\/\/lucia.klatil.at\/blog\/index.php?rest_route=\/wp\/v2\/posts\/488","targetHints":{"allow":["GET"]}}],"collection":[{"href":"https:\/\/lucia.klatil.at\/blog\/index.php?rest_route=\/wp\/v2\/posts"}],"about":[{"href":"https:\/\/lucia.klatil.at\/blog\/index.php?rest_route=\/wp\/v2\/types\/post"}],"author":[{"embeddable":true,"href":"https:\/\/lucia.klatil.at\/blog\/index.php?rest_route=\/wp\/v2\/users\/2"}],"replies":[{"embeddable":true,"href":"https:\/\/lucia.klatil.at\/blog\/index.php?rest_route=%2Fwp%2Fv2%2Fcomments&post=488"}],"version-history":[{"count":0,"href":"https:\/\/lucia.klatil.at\/blog\/index.php?rest_route=\/wp\/v2\/posts\/488\/revisions"}],"wp:attachment":[{"href":"https:\/\/lucia.klatil.at\/blog\/index.php?rest_route=%2Fwp%2Fv2%2Fmedia&parent=488"}],"wp:term":[{"taxonomy":"category","embeddable":true,"href":"https:\/\/lucia.klatil.at\/blog\/index.php?rest_route=%2Fwp%2Fv2%2Fcategories&post=488"},{"taxonomy":"post_tag","embeddable":true,"href":"https:\/\/lucia.klatil.at\/blog\/index.php?rest_route=%2Fwp%2Fv2%2Ftags&post=488"}],"curies":[{"name":"wp","href":"https:\/\/api.w.org\/{rel}","templated":true}]}}